{"id":6064,"date":"2022-05-16T14:42:15","date_gmt":"2022-05-16T12:42:15","guid":{"rendered":"https:\/\/h2.bayern\/?p=6064"},"modified":"2023-02-07T09:47:06","modified_gmt":"2023-02-07T08:47:06","slug":"week-of-hydrogen-south-germany-wdws2022-program-overview","status":"publish","type":"post","link":"https:\/\/h2.bayern\/en\/week-of-hydrogen-south-germany-wdws2022-program-overview\/","title":{"rendered":"WEEK OF HYDROGEN SOUTH GERMANY (#WDWS2022): Program Overview"},"content":{"rendered":"<div class=\"fusion-fullwidth fullwidth-box fusion-builder-row-1 nonhundred-percent-fullwidth non-hundred-percent-height-scrolling\" style=\"--awb-border-radius-top-left:0px;--awb-border-radius-top-right:0px;--awb-border-radius-bottom-right:0px;--awb-border-radius-bottom-left:0px;--awb-flex-wrap:wrap;\" ><div class=\"fusion-builder-row fusion-row\"><div class=\"fusion-layout-column fusion_builder_column fusion-builder-column-0 fusion_builder_column_1_1 1_1 fusion-one-full fusion-column-first fusion-column-last\" style=\"--awb-bg-size:cover;\"><div class=\"fusion-column-wrapper fusion-column-has-shadow fusion-flex-column-wrapper-legacy\"><div class=\"fusion-text fusion-text-1\"><p>Press release, May 16, 2022<\/p>\n<h1><strong>WOCHE DES WASSERSTOFFS S\u00dcD (#WDWS2022): Program overview<br \/>\n<\/strong><\/h1>\n<p><strong>Almost 80 events have already been announced by various companies, districts, cities, universities and initiatives at the <\/strong><strong>WOCHE DES WASSERSTOFFS S\u00dcD <\/strong><strong>2022 (Week of Hydrogen South Germany); many more have announced their participation. The #WDWS2022 will take place from June 25 to July 03 in Bavaria, Baden-W\u00fcrttemberg, Hesse, Rhineland-Palatinate and Saarland with support of the federal states.<\/strong><\/p>\n<p>The successful format DIE WOCHE DES WASSERSTOFFS, most recently with over <a href=\"https:\/\/www.woche-des-wasserstoffs.de\/kalender\">40 live and digital events<\/a> and many film contributions, will take place for the fourth time from June 25 &#8211; July 3, 2022, this time in southern Germany as <a href=\"https:\/\/www.woche-des-wasserstoffs.de\/programm-2022\">WOCHE DES WASSERSTOFFS S\u00dcD 2022<\/a> (#WDWS2022).<\/p>\n<p>Hydrogen (H2) is seen as the guarantor of the energy transition. It is expected to bring renewable energies into mobility, replace natural gas, and decarbonize industry and the chemical sector. How this works, what role the energy carrier plays in the energy transition, and what options arise for regions can be experienced live and digitally by everyone at the #WDWS2022.<br \/>\nThe WOCHE DES WASSERSTOFFS has set itself the goal of communicating the topic of hydrogen in a credible and vivid way: Over the course of nine days, various companies, universities, networks, initiatives, districts and cities invite visitors to learn more about the energy carrier. Interested people can learn about hydrogen activities and H2 technologies in lectures, exhibitions, lab tours, expert talks or webinars.<\/p>\n<p><strong><u>A small excerpt from the event calendar (more at <a href=\"http:\/\/www.woche-des-wasserstoffs.de\">www.woche-des-wasserstoffs.de<\/a>):<\/u><\/strong><\/p>\n<p>The events are organized by the participants on their own responsibility, open to the public and free of charge. However, registration is required for some events. <a href=\"https:\/\/www.woche-des-wasserstoffs.de\/\">More on the website.<\/a><\/p>\n<p><strong>June 25 in Saarbr\u00fccken, Saarland<\/strong><br \/>\nSaarbr\u00fccken invites you to an H2 Info Day and the start of the Biergarten-Roadshow together with N\u00fcrnbergMesse GmbH at the Saarbr\u00fccken Staden. J\u00fcrgen Barke, Minister of Economic Affairs, will give the welcoming address. Hydrogen and its applications will be explained in interviews by experts in a comprehensible way. Among others, the University of Applied Sciences, the University of Saarbr\u00fccken, the IZES, the IZFP, the ZEMA, the Saarbahn as well as Bosch and PlasticOmnium will be present with exhibits, posters and joyrides with H2 cars.<\/p>\n<p><strong>June 26 in \u00d6hringen, Baden-W\u00fcrttemberg<\/strong><br \/>\nMaking your own life environmentally conscious, especially when it comes to heating your own four walls: Netze BW reports on how this can be achieved with the help of H2 at the &#8220;Hydrogen Island \u00d6hringen&#8221; and invites visitors to tour the plant and the electrolyzer.<\/p>\n<p><strong>June 27 in Ulm, Baden-W\u00fcrttemberg<\/strong><br \/>\nIn the &#8220;State Dialogue on Hydrogen Baden-W\u00fcrttemberg &amp; Bavaria&#8221;, representatives of the two states will discuss the question of how hydrogen requirements can be met in the future on a cross-state basis. The representatives will provide insights into the respective state strategies. In addition, various companies will present their activities and solutions.<\/p>\n<p><strong>June 28 in Darmstadt, Hesse<\/strong><br \/>\nIn order to identify needs and practical solution options and to promote dialogue with stakeholders, the Fraunhofer Leistungszentrum-Wasserstoff Hessen \/ GreenMat4H2 has launched the Hydrogen Regulars&#8217; Table Rhine\/Main. Exciting for regionally interested companies and other stakeholders of the hydrogen economy.<\/p>\n<p><strong>June 29 in Hardthausen, Baden-W\u00fcrttemberg<\/strong><br \/>\nThe annual Hydrogen Day of the Technology Transfer Center Lampoldshausen, the DLR Institute of Space Propulsion and the Heilbronn Region Economic Development Agency will take place as part of #WDWS2022. Representatives of the energy, automotive and hydrogen industries as well as university scientists will present current developments. And: The DLR site in Lampoldshausen can be visited.<\/p>\n<p><strong>June 29 in Saarbr\u00fccken, Saarland<\/strong><br \/>\nUnder the title &#8220;Hydrogen Congress of the Greater Region &#8211; The Role of Hydrogen for Decarbonization and Structural Change of a Cross-Border Region&#8221;, a cross-border hybrid event of the Luxembourg Ministry of Energy and Spatial Development and the Saarland Ministry of Economy, Innovation, Digital and Energy will take place at Saarbr\u00fccken Castle.<\/p>\n<p><strong>June 30 in Mainz, Rhineland-Palatinate.<\/strong><br \/>\nStarting at 6:00 p.m., an invitation is extended to the &#8220;Biergarten Talk&#8221; about hydrogen in the Biergarten of Mainz Castle. Participants include Prof. Dr. T\u00fcrk (TH Bingen), Dr. Brosze (Mainzer Stadtwerke), Dr. Kolb (Fraunhofer IMM), Mr. Schneider (Prefere Paraform) and Mr. Braun (INNIO Jenberger).<\/p>\n<p><strong>01 July in Darmstadt and Hanau, Hesse,<\/strong> <em>respectively<\/em><br \/>\nThe &#8220;Open Lab Day H2-Hanau&#8221; and &#8220;Open Lab Day H2-Darmstadt&#8221; will take place parallelly. The institutes open the doors to otherwise closed laboratories and offer interested citizens insights into their work.<\/p>\n<p><strong>July 02 in Erlangen, Bavaria<\/strong><br \/>\nThe H2-CityTour offers a diverse program on a hydrogen bus shuttle. From the town hall square, with information booths, stage program from H2.B, N\u00fcrnbergMesse and H2 MOBILITY Germany and the exhibition of H2 cars to the hydrogen filling station Erlangen, where it is about the H2 filling station infrastructure, H2 in public transport, electrolysis and LOHC storage technology, to the southern area, where among others the Helmholtz Institute and the Fraunhofer Institute for Integrated Systems and Device Technology offer various lectures and hands-on activities.<\/p>\n<p><strong>03 July at the Mainz Energy Park, Rhineland-Palatinate<\/strong><br \/>\nThe Energy Park Mainz is a nationally and internationally acclaimed innovation project in the field of sector coupling and energy storage. Here, H2 is for instance produced from wind energy. The municipal utilities offer four one-hour guided tours on July 03. In addition to the numerous events, various films will also be released, e.g. by the Steinbeis Europa Zentrum, Linde, Stellantis and DWV.<\/p>\n<p><strong>About the WDW<\/strong><\/p>\n<p>The aim of WDW is to provide a low-threshold, free-of-charge service, especially for the general public, in order to stimulate the discourse on H2 that is so necessary for the transfer process. The initiator of the WDW is H2 MOBILITY Germany.<\/p>\n<p>The #WDWS2022 is supported by the five states as well as e-mobil BW, the platform H2BW, the Hydrogen Center Bavaria (H2.B), the Hydrogen Alliance Bavaria, the hydrogen metropolitan region Nuremberg hy+, the ENERGIEregion N\u00fcrnberg e.V., the Rhineland-Palatinate Energy Agency and Pilot Office for Alternative Propulsion Systems, the Rhine-Neckar metropolitan region, the HyExperts model region of Saarland, the German Hydrogen and Fuel Cell Association (DWV), NOW GmbH National Organization Hydrogen and Fuel Cell Technology, and the media partners electrive.net, h2connect.eco, Hydrogeit Verlag, Mission Hydrogen, and the motum agency.<\/p>\n<p><u>Press contact of the WOCHE DES WASSERSTOFFS S\u00dcD:<\/u><\/p>\n<p>Sybille Riepe | +49 170 5870317 | riepe@h2-mobility.de<\/p>\n<p><u>Event management\/public relations of the WOCHE DES WASSERSTOFFS S\u00dcD<\/u><u>:<\/u><\/p>\n<p>Mona Kaluza | +49 172 7079252 | event@h2-mobility.de<\/p>\n<p><strong>For more information on WDWS2022 and past events, visit: <a href=\"https:\/\/www.woche-des-wasserstoffs.de\">https:\/\/www.woche-des-wasserstoffs.de\u00a0<\/a><\/strong><\/p>\n<\/div><div class=\"awb-gallery-wrapper awb-gallery-wrapper-1 button-span-no\" data-limit=\"10\" data-page=\"1\"><div style=\"margin:-5px;--awb-bordersize:0px;\" class=\"fusion-gallery fusion-gallery-container fusion-grid-3 fusion-columns-total-3 fusion-gallery-layout-grid fusion-gallery-1\"><div style=\"padding:5px;\" class=\"fusion-grid-column fusion-gallery-column fusion-gallery-column-3 hover-type-none\"><div class=\"fusion-gallery-image\"><a href=\"https:\/\/h2.bayern\/wp-content\/uploads\/2021\/09\/STRASSENLAND1__H2MOBILITY_maxjackwerth-scaled.jpg\" rel=\"noreferrer\" data-rel=\"iLightbox[gallery_image_1]\" class=\"fusion-lightbox\" target=\"_self\"><img decoding=\"async\" src=\"https:\/\/h2.bayern\/wp-content\/uploads\/2021\/09\/STRASSENLAND1__H2MOBILITY_maxjackwerth-460x295.jpg\" width=\"460\" height=\"295\" alt=\"\" title=\"STRASSENLAND1__H2MOBILITY_maxjackwerth\" aria-label=\"STRASSENLAND1__H2MOBILITY_maxjackwerth\" class=\"img-responsive wp-image-4507 fusion-gallery-image-size-fixed\"  \/><\/a><\/div><\/div><div style=\"padding:5px;\" class=\"fusion-grid-column fusion-gallery-column fusion-gallery-column-3 hover-type-none\"><div class=\"fusion-gallery-image\"><a href=\"https:\/\/h2.bayern\/wp-content\/uploads\/2021\/09\/WDW__H2MOBILITY_maxjackwerth-scaled.jpg\" rel=\"noreferrer\" data-rel=\"iLightbox[gallery_image_1]\" class=\"fusion-lightbox\" target=\"_self\"><img decoding=\"async\" src=\"https:\/\/h2.bayern\/wp-content\/uploads\/2021\/09\/WDW__H2MOBILITY_maxjackwerth-460x295.jpg\" width=\"460\" height=\"295\" alt=\"\" title=\"WDW__H2MOBILITY_maxjackwerth\" aria-label=\"WDW__H2MOBILITY_maxjackwerth\" class=\"img-responsive wp-image-4508 fusion-gallery-image-size-fixed\"  \/><\/a><\/div><\/div><div style=\"padding:5px;\" class=\"fusion-grid-column fusion-gallery-column fusion-gallery-column-3 hover-type-none\"><div class=\"fusion-gallery-image\"><a href=\"https:\/\/h2.bayern\/wp-content\/uploads\/2021\/09\/Sofa-HH__H2MOBILITY_maxjackwerth.jpeg\" rel=\"noreferrer\" data-rel=\"iLightbox[gallery_image_1]\" class=\"fusion-lightbox\" target=\"_self\"><img decoding=\"async\" src=\"https:\/\/h2.bayern\/wp-content\/uploads\/2021\/09\/Sofa-HH__H2MOBILITY_maxjackwerth-460x295.jpeg\" width=\"460\" height=\"295\" alt=\"\" title=\"Sofa HH__H2MOBILITY_maxjackwerth\" aria-label=\"Sofa HH__H2MOBILITY_maxjackwerth\" class=\"img-responsive wp-image-4506 fusion-gallery-image-size-fixed\"  \/><\/a><\/div><\/div><div class=\"clearfix\"><\/div><\/div><\/div><div class=\"fusion-text fusion-text-2\" style=\"--awb-margin-top:20px;\"><p>Image sources: H2 MOBILITY Deutschland GmbH &amp; Co. KG<\/p>\n<\/div><div class=\"fusion-reading-box-container reading-box-container-1\" style=\"--awb-title-color:#1e6c83;--awb-margin-top:30px;--awb-margin-bottom:84px;\"><div class=\"reading-box\" style=\"background-color:#f9f9f9;border-width:1px;border-color:#f6f6f6;border-left-width:3px;border-left-color:var(--primary_color);border-style:solid;\"><h2>Press contact<\/h2><div class=\"reading-box-additional fusion-reading-box-additional\">\n<p><strong>Paula Kopp<br \/>\n<\/strong><\/p>\n<p>Manager Public Relations<\/p>\n<p>paula.kopp@h2.bayern<br \/>\n+49 (0) 911 5302-99237<\/p>\n<\/div><div class=\"fusion-clearfix\"><\/div><\/div><\/div>\n<div class=\"fusion-clearfix\"><\/div><\/div><\/div><\/div><\/div>\n","protected":false},"excerpt":{"rendered":"<p>Almost 80 events have already been announced by various companies, districts, cities, universities and initiatives at the WOCHE DES WASSERSTOFFS S\u00dcD 2022 (Week of Hydrogen South Germany); many more have announced their participation. The #WDWS2022 will take place from June 25 to July 03 in Bavaria, Baden-W\u00fcrttemberg, Hesse, Rhineland-Palatinate and Saarland with support of the federal states.<\/p>\n","protected":false},"author":1,"featured_media":6021,"comment_status":"closed","ping_status":"closed","sticky":false,"template":"","format":"standard","meta":{"_acf_changed":false,"inline_featured_image":false,"footnotes":""},"categories":[178],"tags":[],"class_list":["post-6064","post","type-post","status-publish","format-standard","has-post-thumbnail","hentry","category-press-release"],"acf":[],"aioseo_notices":[],"_links":{"self":[{"href":"https:\/\/h2.bayern\/en\/wp-json\/wp\/v2\/posts\/6064","targetHints":{"allow":["GET"]}}],"collection":[{"href":"https:\/\/h2.bayern\/en\/wp-json\/wp\/v2\/posts"}],"about":[{"href":"https:\/\/h2.bayern\/en\/wp-json\/wp\/v2\/types\/post"}],"author":[{"embeddable":true,"href":"https:\/\/h2.bayern\/en\/wp-json\/wp\/v2\/users\/1"}],"replies":[{"embeddable":true,"href":"https:\/\/h2.bayern\/en\/wp-json\/wp\/v2\/comments?post=6064"}],"version-history":[{"count":0,"href":"https:\/\/h2.bayern\/en\/wp-json\/wp\/v2\/posts\/6064\/revisions"}],"wp:featuredmedia":[{"embeddable":true,"href":"https:\/\/h2.bayern\/en\/wp-json\/wp\/v2\/media\/6021"}],"wp:attachment":[{"href":"https:\/\/h2.bayern\/en\/wp-json\/wp\/v2\/media?parent=6064"}],"wp:term":[{"taxonomy":"category","embeddable":true,"href":"https:\/\/h2.bayern\/en\/wp-json\/wp\/v2\/categories?post=6064"},{"taxonomy":"post_tag","embeddable":true,"href":"https:\/\/h2.bayern\/en\/wp-json\/wp\/v2\/tags?post=6064"}],"curies":[{"name":"wp","href":"https:\/\/api.w.org\/{rel}","templated":true}]}}